{"id":1089,"date":"2023-02-11T15:32:02","date_gmt":"2023-02-11T12:32:02","guid":{"rendered":"http:\/\/www.protestankiliseler.org\/?p=1089"},"modified":"2023-02-11T15:32:02","modified_gmt":"2023-02-11T12:32:02","slug":"basin-aciklamasi-2","status":"publish","type":"post","link":"http:\/\/www.protestankiliseler.org\/?p=1089","title":{"rendered":"BASIN A\u00c7IKLAMASI"},"content":{"rendered":"<p>\u00dclkemizde Kahramanmara\u015f merkezli ve 10 ilimizi etkileyen \u015fiddetli deprem ve etkileri, bizleri derinden \u00fczmektedir. Ya\u015fam\u0131n\u0131 yitiren vatanda\u015flar\u0131m\u0131za, yak\u0131nlar\u0131na, ailelerine ba\u015fsa\u011fl\u0131\u011f\u0131 ve sab\u0131r; yaralananlara acil \u015fifalar diliyoruz. Temennimiz iyi haberlerin artmas\u0131 ve bu zor g\u00fcnlerin bir an \u00f6nce geride kalmas\u0131d\u0131r. \u00dclkemizin bu ac\u0131 g\u00fcnlerinde dualar\u0131m\u0131z\u0131 her bir an y\u00fckseltmekte ve deprem b\u00f6lgesi i\u00e7in yakar\u0131\u015flarda bulunmaktay\u0131z.Kiliselerimiz ve derneklerimizle afet b\u00f6lgesindeki gerekli kurumlarla koordineli olarak yaralar\u0131 sarmaya \u00e7al\u0131\u015fmaktay\u0131z. Depremin ilk g\u00fcn\u00fcnden itibaren \u00fclkemizin d\u00f6rt bir yan\u0131ndan g\u00f6n\u00fcll\u00fc bir\u00e7ok arkada\u015f\u0131m\u0131zla b\u00f6lgedeki yerimizi ald\u0131k. G\u00f6n\u00fcll\u00fcler arama kurtarma \u00e7al\u0131\u015fmalar\u0131nda, erzak da\u011f\u0131t\u0131mlar\u0131nda, sa\u011fl\u0131k hizmetlerinde ve hijyen desteklerinde aktif rol almaktad\u0131rlar.Bu zor zamanlar\u0131 hep birlikte dayan\u0131\u015fma ve duayla a\u015faca\u011f\u0131m\u0131za inan\u0131yoruz.<\/p>\n<p>Zor g\u00fcnlerimizin ilk an\u0131ndan itibaren yard\u0131m \u00e7al\u0131\u015fmalar\u0131nda bulunan yerli ve yabanc\u0131 b\u00fct\u00fcn kurulu\u015flar\u0131m\u0131za minnettar\u0131z. Birlikteli\u011fimiz, bu zor zamanda kritik bir \u00f6nem arz etmektedir. Yo\u011fun ve \u00f6zverili destekleriniz i\u00e7in \u015f\u00fckretmekteyiz. Bu destekleri en do\u011fru ve uygun \u015fekilde kullanmak i\u00e7in hassasiyetle \u00e7al\u0131\u015fmaktay\u0131z. Umudumuz t\u00fcm bu desteklerinizle yaralar\u0131m\u0131z\u0131 hep birlikte sarmak ve \u015fifa bulmakt\u0131r. Derin te\u015fekk\u00fcrlerimizi sunar\u0131z.<\/p>\n","protected":false},"excerpt":{"rendered":"<p>\u00dclkemizde Kahramanmara\u015f merkezli ve 10 ilimizi etkileyen \u015fiddetli deprem ve etkileri, bizleri derinden \u00fczmektedir. Ya\u015fam\u0131n\u0131 yitiren vatanda\u015flar\u0131m\u0131za, yak\u0131nlar\u0131na, ailelerine ba\u015fsa\u011fl\u0131\u011f\u0131 ve sab\u0131r; yaralananlara acil \u015fifalar diliyoruz. Temennimiz iyi haberlerin artmas\u0131 ve bu zor g\u00fcnlerin bir an \u00f6nce geride kalmas\u0131d\u0131r. \u00dclkemizin bu ac\u0131 g\u00fcnlerinde dualar\u0131m\u0131z\u0131 her bir an y\u00fckseltmekte ve deprem b\u00f6lgesi i\u00e7in yakar\u0131\u015flarda bulunmaktay\u0131z.Kiliselerimiz ve [&hellip;]<\/p>\n","protected":false},"author":3,"featured_media":0,"comment_status":"open","ping_status":"open","sticky":false,"template":"","format":"standard","meta":{"_genesis_hide_title":false,"_genesis_hide_breadcrumbs":false,"_genesis_hide_singular_image":false,"_genesis_hide_footer_widgets":false,"_genesis_custom_body_class":"","_genesis_custom_post_class":"","_genesis_layout":""},"categories":[37],"tags":[],"views":4255,"_links":{"self":[{"href":"http:\/\/www.protestankiliseler.org\/index.php?rest_route=\/wp\/v2\/posts\/1089"}],"collection":[{"href":"http:\/\/www.protestankiliseler.org\/index.php?rest_route=\/wp\/v2\/posts"}],"about":[{"href":"http:\/\/www.protestankiliseler.org\/index.php?rest_route=\/wp\/v2\/types\/post"}],"author":[{"embeddable":true,"href":"http:\/\/www.protestankiliseler.org\/index.php?rest_route=\/wp\/v2\/users\/3"}],"replies":[{"embeddable":true,"href":"http:\/\/www.protestankiliseler.org\/index.php?rest_route=%2Fwp%2Fv2%2Fcomments&post=1089"}],"version-history":[{"count":1,"href":"http:\/\/www.protestankiliseler.org\/index.php?rest_route=\/wp\/v2\/posts\/1089\/revisions"}],"predecessor-version":[{"id":1090,"href":"http:\/\/www.protestankiliseler.org\/index.php?rest_route=\/wp\/v2\/posts\/1089\/revisions\/1090"}],"wp:attachment":[{"href":"http:\/\/www.protestankiliseler.org\/index.php?rest_route=%2Fwp%2Fv2%2Fmedia&parent=1089"}],"wp:term":[{"taxonomy":"category","embeddable":true,"href":"http:\/\/www.protestankiliseler.org\/index.php?rest_route=%2Fwp%2Fv2%2Fcategories&post=1089"},{"taxonomy":"post_tag","embeddable":true,"href":"http:\/\/www.protestankiliseler.org\/index.php?rest_route=%2Fwp%2Fv2%2Ftags&post=1089"}],"curies":[{"name":"wp","href":"https:\/\/api.w.org\/{rel}","templated":true}]}}