{"id":1114,"date":"2025-01-21T17:02:08","date_gmt":"2025-01-21T14:02:08","guid":{"rendered":"https:\/\/www.protestankiliseler.org\/?p=1114"},"modified":"2025-01-21T17:03:24","modified_gmt":"2025-01-21T14:03:24","slug":"basin-aciklamasi-3","status":"publish","type":"post","link":"https:\/\/www.protestankiliseler.org\/?p=1114","title":{"rendered":"BASIN A\u00c7IKLAMASI"},"content":{"rendered":"<p>&nbsp;<\/p>\n<p>Protestan Kiliseler Derne\u011fi \u201cTemsilciler Kurulu\u201d ve T\u00fcrkiye\u2019deki t\u00fcm Protestan kiliseleri olarak; Bolu\u2019nun Kartalkaya Kayak Merkezi\u2019ndeki Otelde gece saatlerinde \u00e7\u0131kan yang\u0131nda ya\u015fam\u0131n\u0131 yitiren 66 yurtta\u015f\u0131m\u0131z i\u00e7in \u00e7ok \u00fczg\u00fcn\u00fcz. \u00dclkemizin ba\u015f\u0131 sa\u011f olsun. Ya\u015fam\u0131n\u0131 yitirenlerin yak\u0131nlar\u0131na ba\u015f sa\u011fl\u0131\u011f\u0131 diliyor, RAB sab\u0131r versin ve teselli etsin diye dua ediyoruz. Bu faciada yaralanan yurtta\u015flar\u0131m\u0131z i\u00e7in de Rab acil \u015fifalar versin diye dua ediyoruz!<\/p>\n<p>Protestan Kiliseler Derne\u011fi Y\u00f6netim Kurulu<\/p>\n","protected":false},"excerpt":{"rendered":"<p>&nbsp; Protestan Kiliseler Derne\u011fi \u201cTemsilciler Kurulu\u201d ve T\u00fcrkiye\u2019deki t\u00fcm Protestan kiliseleri olarak; Bolu\u2019nun Kartalkaya Kayak Merkezi\u2019ndeki Otelde gece saatlerinde \u00e7\u0131kan yang\u0131nda ya\u015fam\u0131n\u0131 yitiren 66 yurtta\u015f\u0131m\u0131z i\u00e7in \u00e7ok \u00fczg\u00fcn\u00fcz. \u00dclkemizin ba\u015f\u0131 sa\u011f olsun. Ya\u015fam\u0131n\u0131 yitirenlerin yak\u0131nlar\u0131na ba\u015f sa\u011fl\u0131\u011f\u0131 diliyor, RAB sab\u0131r versin ve teselli etsin diye dua ediyoruz. Bu faciada yaralanan yurtta\u015flar\u0131m\u0131z i\u00e7in de Rab acil [&hellip;]<\/p>\n","protected":false},"author":1,"featured_media":0,"comment_status":"open","ping_status":"open","sticky":false,"template":"","format":"standard","meta":{"_genesis_hide_title":false,"_genesis_hide_breadcrumbs":false,"_genesis_hide_singular_image":false,"_genesis_hide_footer_widgets":false,"_genesis_custom_body_class":"","_genesis_custom_post_class":"","_genesis_layout":""},"categories":[37],"tags":[],"views":1825,"_links":{"self":[{"href":"https:\/\/www.protestankiliseler.org\/index.php?rest_route=\/wp\/v2\/posts\/1114"}],"collection":[{"href":"https:\/\/www.protestankiliseler.org\/index.php?rest_route=\/wp\/v2\/posts"}],"about":[{"href":"https:\/\/www.protestankiliseler.org\/index.php?rest_route=\/wp\/v2\/types\/post"}],"author":[{"embeddable":true,"href":"https:\/\/www.protestankiliseler.org\/index.php?rest_route=\/wp\/v2\/users\/1"}],"replies":[{"embeddable":true,"href":"https:\/\/www.protestankiliseler.org\/index.php?rest_route=%2Fwp%2Fv2%2Fcomments&post=1114"}],"version-history":[{"count":2,"href":"https:\/\/www.protestankiliseler.org\/index.php?rest_route=\/wp\/v2\/posts\/1114\/revisions"}],"predecessor-version":[{"id":1116,"href":"https:\/\/www.protestankiliseler.org\/index.php?rest_route=\/wp\/v2\/posts\/1114\/revisions\/1116"}],"wp:attachment":[{"href":"https:\/\/www.protestankiliseler.org\/index.php?rest_route=%2Fwp%2Fv2%2Fmedia&parent=1114"}],"wp:term":[{"taxonomy":"category","embeddable":true,"href":"https:\/\/www.protestankiliseler.org\/index.php?rest_route=%2Fwp%2Fv2%2Fcategories&post=1114"},{"taxonomy":"post_tag","embeddable":true,"href":"https:\/\/www.protestankiliseler.org\/index.php?rest_route=%2Fwp%2Fv2%2Ftags&post=1114"}],"curies":[{"name":"wp","href":"https:\/\/api.w.org\/{rel}","templated":true}]}}